{"id":202,"date":"2026-04-01T22:04:56","date_gmt":"2026-04-01T22:04:56","guid":{"rendered":"https:\/\/christian-cap.com\/blog\/?p=202"},"modified":"2026-04-01T22:04:57","modified_gmt":"2026-04-01T22:04:57","slug":"tagebuch-in-farbe","status":"publish","type":"post","link":"https:\/\/christian-cap.com\/blog\/2026\/04\/01\/tagebuch-in-farbe\/","title":{"rendered":"Tagebuch in Farbe"},"content":{"rendered":"\n<figure class=\"wp-block-image size-large\"><a href=\"https:\/\/christian-cap.com\/blog\/wp-content\/uploads\/2026\/04\/tagebuch-in-farbe.webp\"><img decoding=\"async\" loading=\"lazy\" width=\"1024\" height=\"829\" src=\"https:\/\/christian-cap.com\/blog\/wp-content\/uploads\/2026\/04\/tagebuch-in-farbe-1024x829.webp\" alt=\"\" class=\"wp-image-203\" srcset=\"https:\/\/christian-cap.com\/blog\/wp-content\/uploads\/2026\/04\/tagebuch-in-farbe-1024x829.webp 1024w, https:\/\/christian-cap.com\/blog\/wp-content\/uploads\/2026\/04\/tagebuch-in-farbe-300x243.webp 300w, https:\/\/christian-cap.com\/blog\/wp-content\/uploads\/2026\/04\/tagebuch-in-farbe-768x622.webp 768w, https:\/\/christian-cap.com\/blog\/wp-content\/uploads\/2026\/04\/tagebuch-in-farbe.webp 1468w\" sizes=\"(max-width: 1024px) 100vw, 1024px\" \/><\/a><\/figure>\n\n\n\n<p>Manchmal besch\u00e4ftigen wir uns mit Fragen, von denen wir wissen, dass sie eigentlich nicht \u201ewichtig\u201c sind. Und doch kehren sie immer wieder zur\u00fcck.&nbsp;<\/p>\n\n\n\n<p>Eine dieser Fragen war f\u00fcr mich: Welche Farbe hat eigentlich ein Tag? Welche Farbe hat eine fl\u00fcchtige Notiz oder ein festgehaltener Gedanke? Und wie speichert man diese Farben an einem Ort, der wirklich privat bleibt?&nbsp;<\/p>\n\n\n\n<p>In der Bilderwelt des Mittelalters begegnet man immer wieder dem Hortus Conclusus \u2013 die Darstellung eines abgeschlossenen Gartens. Darin sind bunte Blumen und Str\u00e4ucher der florale Ausdruck von Gef\u00fchlen und Gedanken. Ich habe mich gefragt: Ist ein solcher Ort der absoluten Vertraulichkeit digital heute \u00fcberhaupt noch m\u00f6glich?<\/p>\n\n\n\n<h4 class=\"wp-block-heading\"><strong>Die Entstehung von MyDiary<\/strong>&nbsp;<\/h4>\n\n\n\n<p>Aus dieser spielerischen Neugier heraus entstand \u00fcber viele Tage \u2013 und mit Unterst\u00fctzung von KI \u2013 ein HTML-Code, der genau das garantiert: MyDiary.&nbsp;<\/p>\n\n\n\n<p>Es ist ein bewusster Bruch mit der serverbasierten, cloudnutzenden digitalen Tradition. MyDiary ist ein Dienst, der Daten nur auf einem einzigen Ger\u00e4t und nur in einem einzigen Browser speichert.&nbsp;<\/p>\n\n\n\n<h4 class=\"wp-block-heading\"><strong>\u2022 Radikale Privatheit:&nbsp;<\/strong><\/h4>\n\n\n\n<p>MyDiary verzichtet konsequent auf das Sammeln von Daten. Kein Algorithmus liest mit. Keine KI wertet die Farbwahl aus. Keine Werbung. Nichts.&nbsp;<\/p>\n\n\n\n<p><strong>\u2022 Minimalistischer Anspruch:&nbsp;<\/strong><\/p>\n\n\n\n<p>In einer \u00c4ra des digitalen Exhibitionismus ist MyDiary ein Raum der absoluten Abgegrenzheit. Ein Raum f\u00fcr den Dialog mit sich selbst.<\/p>\n\n\n\n<p><strong>Deine Stimmung als \u201epointillistisches Kunstwerk\u201c<\/strong>&nbsp;<\/p>\n\n\n\n<p>Das Herzst\u00fcck von MyDiary sind f\u00fcnf eingef\u00e4rbte Kugeln. Diese Farben korrespondieren mit f\u00fcnf abgestuften Stimmungen. Ich habe sie \u00fcber Wochen f\u00fcr mich herausdestilliert \u2013 sie sind subjektiv und ohne Anspruch auf Objektivit\u00e4t, so wie Gef\u00fchle es eben sind. Mit jeder Farbkugel kann eine Notiz oder ein Bild verbunden sein \u2013 oder sie steht einfach nur f\u00fcr sich. Wenn nach einiger Zeit 30 oder 40 Kugeln in der virtuellen Schale liegen, entsteht daraus etwas Pointillistisches.&nbsp;<\/p>\n\n\n\n<p>Du kannst den Blick auf deine Schale drehen, die Perspektive erh\u00f6hen, senken oder zoomen. Du setzt dich aktiv mit deinen eigenen Farbentscheidungen auseinander.&nbsp;<\/p>\n\n\n\n<p>Wer m\u00f6chte, kann daraus ein Bild generieren \u2013 einen Screenshot, der analog ausgedruckt zu einem Kunstwerk deines Lebens wird.&nbsp;<\/p>\n\n\n\n<p><strong>Ein wichtiger Hinweis zur Sicherheit<\/strong>&nbsp;<\/p>\n\n\n\n<p>Da deine Privatsph\u00e4re heilig ist, liegen deine Daten ausschlie\u00dflich lokal auf deinem Ger\u00e4t. Bitte denke daher ab und zu an ein Backup, damit deine Lichtkugeln erhalten bleiben, auch wenn du einmal das Ger\u00e4t wechselst oder den Browser bereinigst. Ich w\u00fcnsche dir viel Freude beim Entdecken deiner eigenen Farbvarianten.<\/p>\n\n\n\n<p>Switch On Your Light!<\/p>\n\n\n\n<p><a href=\"http:\/\/soyl.org\">www.soyl.org<\/a><\/p>\n\n\n\n<p><a href=\"http:\/\/switchonyourlight.com\">www.switchonyourlight.com<\/a><\/p>\n","protected":false},"excerpt":{"rendered":"<p>Manchmal besch\u00e4ftigen wir uns mit Fragen, von denen wir wissen, dass sie eigentlich nicht \u201ewichtig\u201c sind. Und doch kehren sie immer wieder zur\u00fcck.&nbsp; Eine dieser Fragen war f\u00fcr mich: Welche Farbe hat eigentlich ein Tag? Welche Farbe hat eine fl\u00fcchtige Notiz oder ein festgehaltener Gedanke? Und wie speichert man diese Farben an einem Ort, der &hellip; <a href=\"https:\/\/christian-cap.com\/blog\/2026\/04\/01\/tagebuch-in-farbe\/\" class=\"more-link\"><span class=\"screen-reader-text\">Tagebuch in Farbe<\/span> weiterlesen <span class=\"meta-nav\">&rarr;<\/span><\/a><\/p>\n","protected":false},"author":1,"featured_media":0,"comment_status":"open","ping_status":"open","sticky":false,"template":"","format":"standard","meta":[],"categories":[1],"tags":[],"yoast_head":"<!-- This site is optimized with the Yoast SEO plugin v20.4 - https:\/\/yoast.com\/wordpress\/plugins\/seo\/ -->\n<title>Tagebuch in Farbe - christian-cap.com<\/title>\n<meta name=\"robots\" content=\"index, follow, max-snippet:-1, max-image-preview:large, max-video-preview:-1\" \/>\n<link rel=\"canonical\" href=\"https:\/\/christian-cap.com\/blog\/2026\/04\/01\/tagebuch-in-farbe\/\" \/>\n<meta property=\"og:locale\" content=\"de_DE\" \/>\n<meta property=\"og:type\" content=\"article\" \/>\n<meta property=\"og:title\" content=\"Tagebuch in Farbe - christian-cap.com\" \/>\n<meta property=\"og:description\" content=\"Manchmal besch\u00e4ftigen wir uns mit Fragen, von denen wir wissen, dass sie eigentlich nicht \u201ewichtig\u201c sind. Und doch kehren sie immer wieder zur\u00fcck.&nbsp; Eine dieser Fragen war f\u00fcr mich: Welche Farbe hat eigentlich ein Tag? Welche Farbe hat eine fl\u00fcchtige Notiz oder ein festgehaltener Gedanke? Und wie speichert man diese Farben an einem Ort, der &hellip; Tagebuch in Farbe weiterlesen &rarr;\" \/>\n<meta property=\"og:url\" content=\"https:\/\/christian-cap.com\/blog\/2026\/04\/01\/tagebuch-in-farbe\/\" \/>\n<meta property=\"og:site_name\" content=\"christian-cap.com\" \/>\n<meta property=\"article:published_time\" content=\"2026-04-01T22:04:56+00:00\" \/>\n<meta property=\"article:modified_time\" content=\"2026-04-01T22:04:57+00:00\" \/>\n<meta property=\"og:image\" content=\"https:\/\/christian-cap.com\/blog\/wp-content\/uploads\/2026\/04\/tagebuch-in-farbe-1024x829.webp\" \/>\n<meta name=\"author\" content=\"ccap\" \/>\n<meta name=\"twitter:card\" content=\"summary_large_image\" \/>\n<meta name=\"twitter:label1\" content=\"Verfasst von\" \/>\n\t<meta name=\"twitter:data1\" content=\"ccap\" \/>\n\t<meta name=\"twitter:label2\" content=\"Gesch\u00e4tzte Lesezeit\" \/>\n\t<meta name=\"twitter:data2\" content=\"3\u00a0Minuten\" \/>\n<script type=\"application\/ld+json\" class=\"yoast-schema-graph\">{\"@context\":\"https:\/\/schema.org\",\"@graph\":[{\"@type\":\"WebPage\",\"@id\":\"https:\/\/christian-cap.com\/blog\/2026\/04\/01\/tagebuch-in-farbe\/\",\"url\":\"https:\/\/christian-cap.com\/blog\/2026\/04\/01\/tagebuch-in-farbe\/\",\"name\":\"Tagebuch in Farbe - christian-cap.com\",\"isPartOf\":{\"@id\":\"https:\/\/christian-cap.com\/blog\/#website\"},\"datePublished\":\"2026-04-01T22:04:56+00:00\",\"dateModified\":\"2026-04-01T22:04:57+00:00\",\"author\":{\"@id\":\"https:\/\/christian-cap.com\/blog\/#\/schema\/person\/04bc3646dc9792732496ccdc48b3809d\"},\"breadcrumb\":{\"@id\":\"https:\/\/christian-cap.com\/blog\/2026\/04\/01\/tagebuch-in-farbe\/#breadcrumb\"},\"inLanguage\":\"de\",\"potentialAction\":[{\"@type\":\"ReadAction\",\"target\":[\"https:\/\/christian-cap.com\/blog\/2026\/04\/01\/tagebuch-in-farbe\/\"]}]},{\"@type\":\"BreadcrumbList\",\"@id\":\"https:\/\/christian-cap.com\/blog\/2026\/04\/01\/tagebuch-in-farbe\/#breadcrumb\",\"itemListElement\":[{\"@type\":\"ListItem\",\"position\":1,\"name\":\"Startseite\",\"item\":\"https:\/\/christian-cap.com\/blog\/\"},{\"@type\":\"ListItem\",\"position\":2,\"name\":\"Tagebuch in Farbe\"}]},{\"@type\":\"WebSite\",\"@id\":\"https:\/\/christian-cap.com\/blog\/#website\",\"url\":\"https:\/\/christian-cap.com\/blog\/\",\"name\":\"christian-cap.com\",\"description\":\"\",\"potentialAction\":[{\"@type\":\"SearchAction\",\"target\":{\"@type\":\"EntryPoint\",\"urlTemplate\":\"https:\/\/christian-cap.com\/blog\/?s={search_term_string}\"},\"query-input\":\"required name=search_term_string\"}],\"inLanguage\":\"de\"},{\"@type\":\"Person\",\"@id\":\"https:\/\/christian-cap.com\/blog\/#\/schema\/person\/04bc3646dc9792732496ccdc48b3809d\",\"name\":\"ccap\",\"image\":{\"@type\":\"ImageObject\",\"inLanguage\":\"de\",\"@id\":\"https:\/\/christian-cap.com\/blog\/#\/schema\/person\/image\/\",\"url\":\"https:\/\/secure.gravatar.com\/avatar\/b95a62b42bae112b2be1fbe5c7743c99?s=96&d=blank&r=pg\",\"contentUrl\":\"https:\/\/secure.gravatar.com\/avatar\/b95a62b42bae112b2be1fbe5c7743c99?s=96&d=blank&r=pg\",\"caption\":\"ccap\"},\"url\":\"https:\/\/christian-cap.com\/blog\/author\/c2cchristianc2\/\"}]}<\/script>\n<!-- \/ Yoast SEO plugin. -->","yoast_head_json":{"title":"Tagebuch in Farbe - christian-cap.com","robots":{"index":"index","follow":"follow","max-snippet":"max-snippet:-1","max-image-preview":"max-image-preview:large","max-video-preview":"max-video-preview:-1"},"canonical":"https:\/\/christian-cap.com\/blog\/2026\/04\/01\/tagebuch-in-farbe\/","og_locale":"de_DE","og_type":"article","og_title":"Tagebuch in Farbe - christian-cap.com","og_description":"Manchmal besch\u00e4ftigen wir uns mit Fragen, von denen wir wissen, dass sie eigentlich nicht \u201ewichtig\u201c sind. Und doch kehren sie immer wieder zur\u00fcck.&nbsp; Eine dieser Fragen war f\u00fcr mich: Welche Farbe hat eigentlich ein Tag? Welche Farbe hat eine fl\u00fcchtige Notiz oder ein festgehaltener Gedanke? Und wie speichert man diese Farben an einem Ort, der &hellip; Tagebuch in Farbe weiterlesen &rarr;","og_url":"https:\/\/christian-cap.com\/blog\/2026\/04\/01\/tagebuch-in-farbe\/","og_site_name":"christian-cap.com","article_published_time":"2026-04-01T22:04:56+00:00","article_modified_time":"2026-04-01T22:04:57+00:00","og_image":[{"url":"https:\/\/christian-cap.com\/blog\/wp-content\/uploads\/2026\/04\/tagebuch-in-farbe-1024x829.webp"}],"author":"ccap","twitter_card":"summary_large_image","twitter_misc":{"Verfasst von":"ccap","Gesch\u00e4tzte Lesezeit":"3\u00a0Minuten"},"schema":{"@context":"https:\/\/schema.org","@graph":[{"@type":"WebPage","@id":"https:\/\/christian-cap.com\/blog\/2026\/04\/01\/tagebuch-in-farbe\/","url":"https:\/\/christian-cap.com\/blog\/2026\/04\/01\/tagebuch-in-farbe\/","name":"Tagebuch in Farbe - christian-cap.com","isPartOf":{"@id":"https:\/\/christian-cap.com\/blog\/#website"},"datePublished":"2026-04-01T22:04:56+00:00","dateModified":"2026-04-01T22:04:57+00:00","author":{"@id":"https:\/\/christian-cap.com\/blog\/#\/schema\/person\/04bc3646dc9792732496ccdc48b3809d"},"breadcrumb":{"@id":"https:\/\/christian-cap.com\/blog\/2026\/04\/01\/tagebuch-in-farbe\/#breadcrumb"},"inLanguage":"de","potentialAction":[{"@type":"ReadAction","target":["https:\/\/christian-cap.com\/blog\/2026\/04\/01\/tagebuch-in-farbe\/"]}]},{"@type":"BreadcrumbList","@id":"https:\/\/christian-cap.com\/blog\/2026\/04\/01\/tagebuch-in-farbe\/#breadcrumb","itemListElement":[{"@type":"ListItem","position":1,"name":"Startseite","item":"https:\/\/christian-cap.com\/blog\/"},{"@type":"ListItem","position":2,"name":"Tagebuch in Farbe"}]},{"@type":"WebSite","@id":"https:\/\/christian-cap.com\/blog\/#website","url":"https:\/\/christian-cap.com\/blog\/","name":"christian-cap.com","description":"","potentialAction":[{"@type":"SearchAction","target":{"@type":"EntryPoint","urlTemplate":"https:\/\/christian-cap.com\/blog\/?s={search_term_string}"},"query-input":"required name=search_term_string"}],"inLanguage":"de"},{"@type":"Person","@id":"https:\/\/christian-cap.com\/blog\/#\/schema\/person\/04bc3646dc9792732496ccdc48b3809d","name":"ccap","image":{"@type":"ImageObject","inLanguage":"de","@id":"https:\/\/christian-cap.com\/blog\/#\/schema\/person\/image\/","url":"https:\/\/secure.gravatar.com\/avatar\/b95a62b42bae112b2be1fbe5c7743c99?s=96&d=blank&r=pg","contentUrl":"https:\/\/secure.gravatar.com\/avatar\/b95a62b42bae112b2be1fbe5c7743c99?s=96&d=blank&r=pg","caption":"ccap"},"url":"https:\/\/christian-cap.com\/blog\/author\/c2cchristianc2\/"}]}},"_links":{"self":[{"href":"https:\/\/christian-cap.com\/blog\/wp-json\/wp\/v2\/posts\/202"}],"collection":[{"href":"https:\/\/christian-cap.com\/blog\/wp-json\/wp\/v2\/posts"}],"about":[{"href":"https:\/\/christian-cap.com\/blog\/wp-json\/wp\/v2\/types\/post"}],"author":[{"embeddable":true,"href":"https:\/\/christian-cap.com\/blog\/wp-json\/wp\/v2\/users\/1"}],"replies":[{"embeddable":true,"href":"https:\/\/christian-cap.com\/blog\/wp-json\/wp\/v2\/comments?post=202"}],"version-history":[{"count":1,"href":"https:\/\/christian-cap.com\/blog\/wp-json\/wp\/v2\/posts\/202\/revisions"}],"predecessor-version":[{"id":204,"href":"https:\/\/christian-cap.com\/blog\/wp-json\/wp\/v2\/posts\/202\/revisions\/204"}],"wp:attachment":[{"href":"https:\/\/christian-cap.com\/blog\/wp-json\/wp\/v2\/media?parent=202"}],"wp:term":[{"taxonomy":"category","embeddable":true,"href":"https:\/\/christian-cap.com\/blog\/wp-json\/wp\/v2\/categories?post=202"},{"taxonomy":"post_tag","embeddable":true,"href":"https:\/\/christian-cap.com\/blog\/wp-json\/wp\/v2\/tags?post=202"}],"curies":[{"name":"wp","href":"https:\/\/api.w.org\/{rel}","templated":true}]}}