{"id":70,"date":"2017-11-20T17:15:34","date_gmt":"2017-11-20T17:15:34","guid":{"rendered":"http:\/\/christian-cap.com\/blog\/?p=70"},"modified":"2017-11-21T07:14:57","modified_gmt":"2017-11-21T07:14:57","slug":"randnotiz","status":"publish","type":"post","link":"https:\/\/christian-cap.com\/blog\/2017\/11\/20\/randnotiz\/","title":{"rendered":"Randnotiz \u00fcber den Neoliberalismus 1.Teil"},"content":{"rendered":"<p>Es war nur eine Randnotiz zu den\u00a0 Koalitionsverhandlungen: &#8220; Die FP\u00d6 nominierte laut \u00d6VP-Angaben auf Experten-Seite&#8230; die Pr\u00e4sidentin des Friedrich August v. Hayek Instituts&#8230;Barbara Kolm&#8230;&#8220;, eine sehr sprachgewandte Gralsh\u00fcterin des Neoliberalismus.<\/p>\n<p>Irgendwie erstaunlich!<\/p>\n<p>Die FP\u00d6, die sich in ihrer Oppositionsrolle stets als Verteidiger der Benachteiligten, der wirtschaftlich Unbeachteten, der an den Rand Gedr\u00fcckten, der arbeitswilligen Arbeitslosen pr\u00e4sentiert hat, nominiert als Expertin eine Person, die m\u00f6glichst Alles dem freien Spiel der Marktkr\u00e4fte \u00fcberlassen will. Ob das diesen Menschen helfen wird?<\/p>\n<p>Aber Halt, gehen wir einen Schritt zur\u00fcck. Wof\u00fcr steht eigentlich der Neoliberalismus.<\/p>\n<p>Die gro\u00dfen Vordenker dieser wirtschafts- und gesellschaftspolitischen Denkrichtung waren Friedrich August von Hayek und Milton Friedman. Ihr Credo war gepr\u00e4gt von einem grenzenlosen Glauben in das selbstst\u00e4ndige Funktionieren von M\u00e4rkten, einem tiefen Vertrauen, dass jeder Markt seinen Gleichgewichtszustand von selbst findet, einem Freiheitsbegriff, der nur durch den &#8222;Zusammensto\u00df&#8220; mit der Freiheit eines Anderen beschr\u00e4nkt sein darf und damit &#8211; logischerweise &#8211; jede\u00a0staatliche Intervention, sofern sie nicht alle gleich betrifft,\u00a0 angewidert ablehnt.<\/p>\n<p>F\u00fcr Hayek war dabei eine Phase der Wirtschaftsrezession ein Mittel zur Gleichgewichtsfindung einer im Ungleichgewicht befindlichen \u00d6konomie eines Landes.<\/p>\n<p>F\u00fcr Friedman hingegen, dem Vertreter des Monetarismus, existierte eine &#8222;nat\u00fcrliche&#8220; Arbeitslosenquote, die einfach hinzunehmen war.<\/p>\n<p>Diese neoliberale Denkrichtung, die aufs Engste mit den Politikern Ronald Reagan, Margret Thatcher,\u00a0 Augusto Pinochet in Chile und Boris Jelzin (am Beginn seiner Amtszeit in Russland) verbunden ist,\u00a0 bestimmt seit rund 40 Jahren die politische Landschaft westlich orientierter Staaten.<\/p>\n<p>Sie ist inzwischen eine Art von wirtschaftspolitischer Selbstverst\u00e4ndlichkeit geworden und hat dennoch keine der gro\u00dfen Fragen unserer Zeit gel\u00f6st.<\/p>\n<p>Wie auch!<\/p>\n<p>Der Neolioberalismus sieht die M\u00e4rkte als idealen Begegnungsort f\u00fcr den Ausgleich unterschiedlicher Interessen.\u00a0 Funktionierende (perfekte) M\u00e4rkte sind im Idealfall gepr\u00e4gt von vollkommener Durchl\u00e4ssigkeit der Informationen, freiem Zugang und dem funktionierenden Tauschmittel &#8222;Geld&#8220;.<\/p>\n<p>Dabei wird eines allzu gerne \u00fcbersehen: was nicht kapialisierbar ist, was keinen Tauschwert erlangt und damit mittels Geld getauscht werden kann, das findet keinen Zugang zu diesem Ort des Interessensausgleich.<\/p>\n<p>Da der Neoliberalismus die Natur im Sinn von Umwelt stets als unendlich verf\u00fcgbar und unbeschr\u00e4nkt nutzbar gesehen hat, ist der Klimawandel, als globale Herausforderung unserer Zeit, nicht &#8222;kapitalisierbar&#8220;, hat keinen Eigent\u00fcmer (nur Verursacher) und kann daher nicht gehandelt werden. Der Klimawandel, als Folge unseres Wirtschaftens, entzieht sich jedem Marktmechanismus. Er ist irgendwie einfach zu gro\u00df, zu fundamental, passt in keinen Markt.<\/p>\n<p>Auch das Ergebnis der Umweltkonferenz von Kyoto, die versucht hat die Umweltbelastungen in Form von &#8222;Emissionsrechten&#8220;, die zwischen L\u00e4ndern gehandelt werden k\u00f6nnen, marktkonform zu machen, hat sich als nicht ausreichend herausgestellt.<\/p>\n<p>Was sich aber in den letzten Jahren stattdessen dramatisch &#8222;kapitalisiert&#8220;, sind die Folgen des Klimawandels.<\/p>\n<p>Wetterextreme, Katastrophen und zu Schaden gekommenen Menschen kosten viel Geld. Dass diese Folgekosten auf keinem Markt gehandelt, sondern durch die finanziellen Hilfen der Staaten abgemildert werden, hat noch keinen Neoliberalen gest\u00f6rt.<\/p>\n<p>So banal dieses Beispiel sein mag, so fundamental ist die Konsequenz.<\/p>\n<p>Wenn globale Zukunftsfragen im neoliberalen Konzept\u00a0 selbstregulierender M\u00e4rkte, f\u00fcr alle erkennbar, keinen Platz mehr finden, ist die machtpolitische Wirksamkeit dieser Konzeption in Gefahr.<\/p>\n<p>Es ist daher kein Zufall, wenn im heutigen Vatikan des Neoliberalismus, den Vereinigten Staaten, eine starke politische Str\u00f6mung beharrlich den Klimawandel wegleugnen will.<\/p>\n<p>Aber so wie einst Galileo Galilei den dogmatischen Vatikankardin\u00e4len bewiesen hat, dass sich die Sonne nicht um die Erde dreht, sondern vielmehr die Erde um die Sonne kreist, ist es heute notwendig aufzuzeigen, dass der Neoliberalismus eine ebenso konstruierte Wirklichkeit ist, wie das, was sich damals die Vatikankardin\u00e4le so sch\u00f6n zusammen gereimt hatten.<\/p>\n<p>&nbsp;<\/p>\n<p>&nbsp;<\/p>\n<p>&nbsp;<\/p>\n<p>&nbsp;<\/p>\n","protected":false},"excerpt":{"rendered":"<p>Es war nur eine Randnotiz zu den\u00a0 Koalitionsverhandlungen: &#8220; Die FP\u00d6 nominierte laut \u00d6VP-Angaben auf Experten-Seite&#8230; die Pr\u00e4sidentin des Friedrich August v. Hayek Instituts&#8230;Barbara Kolm&#8230;&#8220;, eine sehr sprachgewandte Gralsh\u00fcterin des Neoliberalismus. Irgendwie erstaunlich! Die FP\u00d6, die sich in ihrer Oppositionsrolle stets als Verteidiger der Benachteiligten, der wirtschaftlich Unbeachteten, der an den Rand Gedr\u00fcckten, der arbeitswilligen &hellip; <a href=\"https:\/\/christian-cap.com\/blog\/2017\/11\/20\/randnotiz\/\" class=\"more-link\"><span class=\"screen-reader-text\">Randnotiz \u00fcber den Neoliberalismus 1.Teil<\/span> weiterlesen <span class=\"meta-nav\">&rarr;<\/span><\/a><\/p>\n","protected":false},"author":1,"featured_media":0,"comment_status":"open","ping_status":"open","sticky":false,"template":"","format":"standard","meta":[],"categories":[1],"tags":[],"yoast_head":"<!-- This site is optimized with the Yoast SEO plugin v20.4 - https:\/\/yoast.com\/wordpress\/plugins\/seo\/ -->\n<title>Randnotiz \u00fcber den Neoliberalismus 1.Teil - christian-cap.com<\/title>\n<meta name=\"robots\" content=\"index, follow, max-snippet:-1, max-image-preview:large, max-video-preview:-1\" \/>\n<link rel=\"canonical\" href=\"https:\/\/christian-cap.com\/blog\/2017\/11\/20\/randnotiz\/\" \/>\n<meta property=\"og:locale\" content=\"de_DE\" \/>\n<meta property=\"og:type\" content=\"article\" \/>\n<meta property=\"og:title\" content=\"Randnotiz \u00fcber den Neoliberalismus 1.Teil - christian-cap.com\" \/>\n<meta property=\"og:description\" content=\"Es war nur eine Randnotiz zu den\u00a0 Koalitionsverhandlungen: &#8220; Die FP\u00d6 nominierte laut \u00d6VP-Angaben auf Experten-Seite&#8230; die Pr\u00e4sidentin des Friedrich August v. Hayek Instituts&#8230;Barbara Kolm&#8230;&#8220;, eine sehr sprachgewandte Gralsh\u00fcterin des Neoliberalismus. Irgendwie erstaunlich! Die FP\u00d6, die sich in ihrer Oppositionsrolle stets als Verteidiger der Benachteiligten, der wirtschaftlich Unbeachteten, der an den Rand Gedr\u00fcckten, der arbeitswilligen &hellip; Randnotiz \u00fcber den Neoliberalismus 1.Teil weiterlesen &rarr;\" \/>\n<meta property=\"og:url\" content=\"https:\/\/christian-cap.com\/blog\/2017\/11\/20\/randnotiz\/\" \/>\n<meta property=\"og:site_name\" content=\"christian-cap.com\" \/>\n<meta property=\"article:published_time\" content=\"2017-11-20T17:15:34+00:00\" \/>\n<meta property=\"article:modified_time\" content=\"2017-11-21T07:14:57+00:00\" \/>\n<meta name=\"author\" content=\"ccap\" \/>\n<meta name=\"twitter:card\" content=\"summary_large_image\" \/>\n<meta name=\"twitter:label1\" content=\"Verfasst von\" \/>\n\t<meta name=\"twitter:data1\" content=\"ccap\" \/>\n\t<meta name=\"twitter:label2\" content=\"Gesch\u00e4tzte Lesezeit\" \/>\n\t<meta name=\"twitter:data2\" content=\"3\u00a0Minuten\" \/>\n<script type=\"application\/ld+json\" class=\"yoast-schema-graph\">{\"@context\":\"https:\/\/schema.org\",\"@graph\":[{\"@type\":\"WebPage\",\"@id\":\"https:\/\/christian-cap.com\/blog\/2017\/11\/20\/randnotiz\/\",\"url\":\"https:\/\/christian-cap.com\/blog\/2017\/11\/20\/randnotiz\/\",\"name\":\"Randnotiz \u00fcber den Neoliberalismus 1.Teil - christian-cap.com\",\"isPartOf\":{\"@id\":\"https:\/\/christian-cap.com\/blog\/#website\"},\"datePublished\":\"2017-11-20T17:15:34+00:00\",\"dateModified\":\"2017-11-21T07:14:57+00:00\",\"author\":{\"@id\":\"https:\/\/christian-cap.com\/blog\/#\/schema\/person\/04bc3646dc9792732496ccdc48b3809d\"},\"breadcrumb\":{\"@id\":\"https:\/\/christian-cap.com\/blog\/2017\/11\/20\/randnotiz\/#breadcrumb\"},\"inLanguage\":\"de\",\"potentialAction\":[{\"@type\":\"ReadAction\",\"target\":[\"https:\/\/christian-cap.com\/blog\/2017\/11\/20\/randnotiz\/\"]}]},{\"@type\":\"BreadcrumbList\",\"@id\":\"https:\/\/christian-cap.com\/blog\/2017\/11\/20\/randnotiz\/#breadcrumb\",\"itemListElement\":[{\"@type\":\"ListItem\",\"position\":1,\"name\":\"Startseite\",\"item\":\"https:\/\/christian-cap.com\/blog\/\"},{\"@type\":\"ListItem\",\"position\":2,\"name\":\"Randnotiz \u00fcber den Neoliberalismus 1.Teil\"}]},{\"@type\":\"WebSite\",\"@id\":\"https:\/\/christian-cap.com\/blog\/#website\",\"url\":\"https:\/\/christian-cap.com\/blog\/\",\"name\":\"christian-cap.com\",\"description\":\"\",\"potentialAction\":[{\"@type\":\"SearchAction\",\"target\":{\"@type\":\"EntryPoint\",\"urlTemplate\":\"https:\/\/christian-cap.com\/blog\/?s={search_term_string}\"},\"query-input\":\"required name=search_term_string\"}],\"inLanguage\":\"de\"},{\"@type\":\"Person\",\"@id\":\"https:\/\/christian-cap.com\/blog\/#\/schema\/person\/04bc3646dc9792732496ccdc48b3809d\",\"name\":\"ccap\",\"image\":{\"@type\":\"ImageObject\",\"inLanguage\":\"de\",\"@id\":\"https:\/\/christian-cap.com\/blog\/#\/schema\/person\/image\/\",\"url\":\"https:\/\/secure.gravatar.com\/avatar\/b95a62b42bae112b2be1fbe5c7743c99?s=96&d=blank&r=pg\",\"contentUrl\":\"https:\/\/secure.gravatar.com\/avatar\/b95a62b42bae112b2be1fbe5c7743c99?s=96&d=blank&r=pg\",\"caption\":\"ccap\"},\"url\":\"https:\/\/christian-cap.com\/blog\/author\/c2cchristianc2\/\"}]}<\/script>\n<!-- \/ Yoast SEO plugin. -->","yoast_head_json":{"title":"Randnotiz \u00fcber den Neoliberalismus 1.Teil - christian-cap.com","robots":{"index":"index","follow":"follow","max-snippet":"max-snippet:-1","max-image-preview":"max-image-preview:large","max-video-preview":"max-video-preview:-1"},"canonical":"https:\/\/christian-cap.com\/blog\/2017\/11\/20\/randnotiz\/","og_locale":"de_DE","og_type":"article","og_title":"Randnotiz \u00fcber den Neoliberalismus 1.Teil - christian-cap.com","og_description":"Es war nur eine Randnotiz zu den\u00a0 Koalitionsverhandlungen: &#8220; Die FP\u00d6 nominierte laut \u00d6VP-Angaben auf Experten-Seite&#8230; die Pr\u00e4sidentin des Friedrich August v. Hayek Instituts&#8230;Barbara Kolm&#8230;&#8220;, eine sehr sprachgewandte Gralsh\u00fcterin des Neoliberalismus. Irgendwie erstaunlich! Die FP\u00d6, die sich in ihrer Oppositionsrolle stets als Verteidiger der Benachteiligten, der wirtschaftlich Unbeachteten, der an den Rand Gedr\u00fcckten, der arbeitswilligen &hellip; Randnotiz \u00fcber den Neoliberalismus 1.Teil weiterlesen &rarr;","og_url":"https:\/\/christian-cap.com\/blog\/2017\/11\/20\/randnotiz\/","og_site_name":"christian-cap.com","article_published_time":"2017-11-20T17:15:34+00:00","article_modified_time":"2017-11-21T07:14:57+00:00","author":"ccap","twitter_card":"summary_large_image","twitter_misc":{"Verfasst von":"ccap","Gesch\u00e4tzte Lesezeit":"3\u00a0Minuten"},"schema":{"@context":"https:\/\/schema.org","@graph":[{"@type":"WebPage","@id":"https:\/\/christian-cap.com\/blog\/2017\/11\/20\/randnotiz\/","url":"https:\/\/christian-cap.com\/blog\/2017\/11\/20\/randnotiz\/","name":"Randnotiz \u00fcber den Neoliberalismus 1.Teil - christian-cap.com","isPartOf":{"@id":"https:\/\/christian-cap.com\/blog\/#website"},"datePublished":"2017-11-20T17:15:34+00:00","dateModified":"2017-11-21T07:14:57+00:00","author":{"@id":"https:\/\/christian-cap.com\/blog\/#\/schema\/person\/04bc3646dc9792732496ccdc48b3809d"},"breadcrumb":{"@id":"https:\/\/christian-cap.com\/blog\/2017\/11\/20\/randnotiz\/#breadcrumb"},"inLanguage":"de","potentialAction":[{"@type":"ReadAction","target":["https:\/\/christian-cap.com\/blog\/2017\/11\/20\/randnotiz\/"]}]},{"@type":"BreadcrumbList","@id":"https:\/\/christian-cap.com\/blog\/2017\/11\/20\/randnotiz\/#breadcrumb","itemListElement":[{"@type":"ListItem","position":1,"name":"Startseite","item":"https:\/\/christian-cap.com\/blog\/"},{"@type":"ListItem","position":2,"name":"Randnotiz \u00fcber den Neoliberalismus 1.Teil"}]},{"@type":"WebSite","@id":"https:\/\/christian-cap.com\/blog\/#website","url":"https:\/\/christian-cap.com\/blog\/","name":"christian-cap.com","description":"","potentialAction":[{"@type":"SearchAction","target":{"@type":"EntryPoint","urlTemplate":"https:\/\/christian-cap.com\/blog\/?s={search_term_string}"},"query-input":"required name=search_term_string"}],"inLanguage":"de"},{"@type":"Person","@id":"https:\/\/christian-cap.com\/blog\/#\/schema\/person\/04bc3646dc9792732496ccdc48b3809d","name":"ccap","image":{"@type":"ImageObject","inLanguage":"de","@id":"https:\/\/christian-cap.com\/blog\/#\/schema\/person\/image\/","url":"https:\/\/secure.gravatar.com\/avatar\/b95a62b42bae112b2be1fbe5c7743c99?s=96&d=blank&r=pg","contentUrl":"https:\/\/secure.gravatar.com\/avatar\/b95a62b42bae112b2be1fbe5c7743c99?s=96&d=blank&r=pg","caption":"ccap"},"url":"https:\/\/christian-cap.com\/blog\/author\/c2cchristianc2\/"}]}},"_links":{"self":[{"href":"https:\/\/christian-cap.com\/blog\/wp-json\/wp\/v2\/posts\/70"}],"collection":[{"href":"https:\/\/christian-cap.com\/blog\/wp-json\/wp\/v2\/posts"}],"about":[{"href":"https:\/\/christian-cap.com\/blog\/wp-json\/wp\/v2\/types\/post"}],"author":[{"embeddable":true,"href":"https:\/\/christian-cap.com\/blog\/wp-json\/wp\/v2\/users\/1"}],"replies":[{"embeddable":true,"href":"https:\/\/christian-cap.com\/blog\/wp-json\/wp\/v2\/comments?post=70"}],"version-history":[{"count":9,"href":"https:\/\/christian-cap.com\/blog\/wp-json\/wp\/v2\/posts\/70\/revisions"}],"predecessor-version":[{"id":79,"href":"https:\/\/christian-cap.com\/blog\/wp-json\/wp\/v2\/posts\/70\/revisions\/79"}],"wp:attachment":[{"href":"https:\/\/christian-cap.com\/blog\/wp-json\/wp\/v2\/media?parent=70"}],"wp:term":[{"taxonomy":"category","embeddable":true,"href":"https:\/\/christian-cap.com\/blog\/wp-json\/wp\/v2\/categories?post=70"},{"taxonomy":"post_tag","embeddable":true,"href":"https:\/\/christian-cap.com\/blog\/wp-json\/wp\/v2\/tags?post=70"}],"curies":[{"name":"wp","href":"https:\/\/api.w.org\/{rel}","templated":true}]}}